{"id":84369,"date":"2026-02-26T08:26:00","date_gmt":"2026-02-26T07:26:00","guid":{"rendered":"https:\/\/dahme-innovation.de\/th-wildau-laedt-zur-wildauer-wissenschaftswoche-2\/"},"modified":"2026-03-10T10:53:17","modified_gmt":"2026-03-10T09:53:17","slug":"th-wildau-laedt-zur-wildauer-wissenschaftswoche-2","status":"publish","type":"post","link":"https:\/\/dahme-innovation.de\/en\/th-wildau-laedt-zur-wildauer-wissenschaftswoche-2\/","title":{"rendered":"TH Wildau l\u00e4dt zur Wildauer Wissenschaftswoche"},"content":{"rendered":"\t\t<div data-elementor-type=\"wp-post\" data-elementor-id=\"84369\" class=\"elementor elementor-84369 elementor-83552\" data-elementor-post-type=\"post\">\n\t\t\t\t\t\t<section class=\"elementor-section elementor-top-section elementor-element elementor-element-2ed90711 elementor-section-height-min-height elementor-section-content-middle elementor-section-boxed elementor-section-height-default elementor-section-items-middle\" data-id=\"2ed90711\" data-element_type=\"section\" data-e-type=\"section\" data-settings=\"{&quot;background_background&quot;:&quot;slideshow&quot;,&quot;background_slideshow_gallery&quot;:[{&quot;id&quot;:83554,&quot;url&quot;:&quot;https:\\\/\\\/dahme-innovation.de\\\/wp-content\\\/uploads\\\/2026_Wildauer-Wissenschaftswoche_Mareike-Rammelt_TH-Wildau.jpg&quot;}],&quot;background_slideshow_slide_duration&quot;:5000,&quot;background_slideshow_slide_transition&quot;:&quot;fade&quot;,&quot;background_slideshow_transition_duration&quot;:500}\">\n\t\t\t\t\t\t<div class=\"elementor-container elementor-column-gap-default\">\n\t\t\t\t\t<div class=\"elementor-column elementor-col-100 elementor-top-column elementor-element elementor-element-63d59a01\" data-id=\"63d59a01\" data-element_type=\"column\" data-e-type=\"column\">\n\t\t\t<div class=\"elementor-widget-wrap\">\n\t\t\t\t\t\t\t<\/div>\n\t\t<\/div>\n\t\t\t\t\t<\/div>\n\t\t<\/section>\n\t\t\t\t<section class=\"elementor-section elementor-top-section elementor-element elementor-element-20f5859 elementor-section-boxed elementor-section-height-default elementor-section-height-default\" data-id=\"20f5859\" data-element_type=\"section\" data-e-type=\"section\">\n\t\t\t\t\t\t<div class=\"elementor-container elementor-column-gap-wide\">\n\t\t\t\t\t<div class=\"elementor-column elementor-col-66 elementor-top-column elementor-element elementor-element-0dad736\" data-id=\"0dad736\" data-element_type=\"column\" data-e-type=\"column\">\n\t\t\t<div class=\"elementor-widget-wrap elementor-element-populated\">\n\t\t\t\t\t\t<div class=\"elementor-element elementor-element-eb74090 elementor-widget elementor-widget-heading\" data-id=\"eb74090\" data-element_type=\"widget\" data-e-type=\"widget\" data-widget_type=\"heading.default\">\n\t\t\t\t<div class=\"elementor-widget-container\">\n\t\t\t\t\t<h3 class=\"elementor-heading-title elementor-size-default\">TH Wildau l\u00e4dt zur Wildauer Wissenschaftswoche<\/h3>\t\t\t\t<\/div>\n\t\t\t\t<\/div>\n\t\t\t\t<div class=\"elementor-element elementor-element-d2011e7 elementor-widget elementor-widget-text-editor\" data-id=\"d2011e7\" data-element_type=\"widget\" data-e-type=\"widget\" data-widget_type=\"text-editor.default\">\n\t\t\t\t<div class=\"elementor-widget-container\">\n\t\t\t\t\t\t\t\t\t<p><strong>Ob zukunftsf\u00e4hige Mobilit\u00e4t, K\u00fcnstliche Intelligenz in der Anwendung, praxisnahe Quantentechnologie oder Weltraumrecht \u2013 die diesj\u00e4hrige Wildauer Wissenschaftswoche der TH Wildau pr\u00e4sentiert erneut die enorme Bandbreite angewandter Forschung der Hochschule. Besucherinnen und Besucher erwartet ein interdisziplin\u00e4res Programm mit spannenden Vortr\u00e4gen, Foren, Symposien, Konferenzen und Preisverleihungen, das gesellschaftlich relevante Themen direkt am Puls der Zeit beleuchtet.<\/strong><\/p><p>Zukunftsf\u00e4hige Mobilit\u00e4t in der regionalen Umsetzung, K\u00fcnstliche Intelligenz in der Anwendung, praxisnahe Quantensensorik und \u2013optik, neue Kooperationen und Studieng\u00e4nge f\u00fcr die Mobilit\u00e4tswende, Waldbrandschutz und rechtliche Fragen zur Weltraumnutzung \u2013 allein dieser Auszug der Themenfelder zeigt: Auch in diesem Jahr h\u00e4lt die Wildauer Wissenschaftswoche der Technischen Hochschule Wildau (TH Wildau) f\u00fcr interessierte Besucherinnen und Besucher eine Vielzahl spannender Events und Projekte aus der angewandten Forschung bereit &#8211; interdisziplin\u00e4r, gesellschaftlich relevant und am Puls der Zeit.<\/p><h2>Neugierig auf KI?<\/h2><p>Die 15. Ausgabe der Wissenschaftswoche, die vom 9. bis 13. M\u00e4rz 2026 auf dem Campus der Hochschule stattfindet, startet am 9. M\u00e4rz traditionell mit der Verleihung des <a title=\"Zur Website der TH Wildau mit Hintergrundinformationen zum Forschungs- und Transferpreis\" href=\"https:\/\/postman.mynewsdesk.com\/ls\/click?upn=u001.KEXeHGEeL1PTdRFQqNMqEYhWN0sqpXCKP1ixYtWP19vuZwfne0ttp4qgfIUmazAyKioaOX1niURqH67FKas2vvc2Tut2Yg4L07QqLVWvkRyIHmPmYfLoXDH8-2F3vWkJNWIgoNyVmj8khOokMURSxc8S18zFIS8SeTgR2on3y7-2Fu4vxzUcrj0v8ChTbgCi44-2FWiG2u-2Fn3RJ0lmHxRry6TuBXOFwpyNwXBphYZIcAdnh14-3D2Ma9_jr2N3fYHOanhwPy2-2FwwhPsd-2FxGg9cp-2F8ta0J6-2BYxutiyz-2F8EcdAN5GR-2FdffJ2TZGugPdjtEcaLTteun7Ox1I8RZfb2lIGWmEbsQHrITkQWMf9ekIE5X-2FnUpGsGawuG3lIqvA-2BxT28XgwCc4kKmei-2BmYYoKSnIUtR7wnJOTmBiLouBgFa-2BYuR3N1BUWn7Jwx7vls-2BYysYK5N1rgRE20s8Z0C7Gt-2FzFy-2BZL-2B49V-2B5Gd-2B8j5uycMgxI7HxoTT7byvtL-2FW7Rni8PmycOT8dQJt8kJQUiy-2BurzdapQPIW8tYGxm-2FRpAbJL9bT07a16cwj4elJOvhemplNShSBab-2FwR7jigI8j1x-2FdTwEss85ySBiDteDj3VtVvwGPQU0tRgLUm3UZvQJzwlydBjTfw1f4olbO39WdsBLFV22nNsE60gOalD8-3D\" target=\"_blank\" rel=\"noopener\">Forschungs- und Transferpreises<\/a>. Gastreferentin ist in diesem Jahr Dr. Ellen Zuther, Forschungskoordinatorin am Zentrum f\u00fcr K\u00fcnstliche Intelligenz in der Public Health-Forschung (ZKI-PH) des Robert Koch-Instituts. Sie wird die Teilnehmenden mitnehmen in die Welt der digitalen Epidemiologie, modernen Datenvisualisierung, Big-Data und Systemanalyse als Schwerpunkte des ZKI-PH.\u00a0<\/p><p>Einen Tag sp\u00e4ter, am 10. M\u00e4rz, bietet die <a title=\"Zum Programm der Wildauer Konferenz f\u00fcr K\u00fcnstliche Intelligenz\" href=\"https:\/\/postman.mynewsdesk.com\/ls\/click?upn=u001.KEXeHGEeL1PTdRFQqNMqETr-2FO6-2B83hTbNeGVNDbKQac36NrdlBKAPUFBfZb3MuK6IwVEXXvhUi4ksoCO3xos9g-3D-3DfRAF_jr2N3fYHOanhwPy2-2FwwhPsd-2FxGg9cp-2F8ta0J6-2BYxutiyz-2F8EcdAN5GR-2FdffJ2TZGugPdjtEcaLTteun7Ox1I8RZfb2lIGWmEbsQHrITkQWMf9ekIE5X-2FnUpGsGawuG3lIqvA-2BxT28XgwCc4kKmei-2BmYYoKSnIUtR7wnJOTmBiLouBgFa-2BYuR3N1BUWn7Jwx7vls-2BYysYK5N1rgRE20s8Z2C4qf8RlC6rSDSjmwNldVHB-2Bl-2FNbKHbl24jfqxd9AdlFuyOuoQSngqBzNgYTGQ2f0SxyMSih7V2AfA9lGaVn2uqenFvncok41vz-2FYEVF7iBlMf2Fz22QB0630N-2BtMf7HmSwG9xCcC8veVSvSEaWbVFvulW20mGe9u6k3gvv1YGTEMSKpSdJbwxEHyUtk7aPP7HwZwDaS0qc70t49urlGCs-3D\" target=\"_blank\" rel=\"noopener\">Wildauer Konferenz f\u00fcr K\u00fcnstliche Intelligenz (WiKKI26)<\/a> einen tiefen Einblick in die praktische Anwendung K\u00fcnstlicher Intelligenz in Schl\u00fcsselbranchen wie LifeScience, Produktion und Logistik, aber auch Verwaltung. Im Zentrum stehen dabei 25 Fachbeitr\u00e4ge zu Themen wie KI-basierte Datenstromanalyse, innovative Diagnostikverfahren oder auch Optimierung industrieller Prozesse.\u00a0<\/p><p>Die Konferenz zeigt ein breites Spektrum angewandter Forschung, zum Beispiel wie KI-Modelle komplexe Probleme in der realen Wirtschaft l\u00f6sen k\u00f6nnen oder k\u00f6nnten. Ein wesentlicher Schwerpunkt der Konferenz liegt zudem auf den ethischen und regulatorischen Leitplanken der Digitalisierung. In Workshops und begleitenden Postersessions werden beispielsweise die Auswirkungen der EU-KI-Verordnung oder auch die Gestaltung der Mensch-KI-Kollaboration diskutiert. Das Programm bietet dabei Raum, um \u00fcber die Zukunft einer sicheren und transparenten KI-Nutzung zu debattieren.<\/p><h2>Einblick in die Promotionsarbeit einer Hochschule f\u00fcr Angewandte Wissenschaften<\/h2><p>Am 11. M\u00e4rz 2026 r\u00fcckt der wissenschaftliche Nachwuchs in den Fokus und gibt <a title=\"Zur Website der TH Wildau mit Einblicken in aktuelle Promotionsvorhaben\" href=\"https:\/\/postman.mynewsdesk.com\/ls\/click?upn=u001.KEXeHGEeL1PTdRFQqNMqEYhWN0sqpXCKP1ixYtWP19vuZwfne0ttp4qgfIUmazAyKioaOX1niURqH67FKas2vvc2Tut2Yg4L07QqLVWvkRyIHmPmYfLoXDH8-2F3vWkJNWIgoNyVmj8khOokMURSxc8S18zFIS8SeTgR2on3y7-2Fu6fscrsHcy1lZFdls15LysOZcS5orhH73x0VEC-2FyZQVpJnpuVyi8VC8Cwmwlqyo3Z8-3D2qAI_jr2N3fYHOanhwPy2-2FwwhPsd-2FxGg9cp-2F8ta0J6-2BYxutiyz-2F8EcdAN5GR-2FdffJ2TZGugPdjtEcaLTteun7Ox1I8RZfb2lIGWmEbsQHrITkQWMf9ekIE5X-2FnUpGsGawuG3lIqvA-2BxT28XgwCc4kKmei-2BmYYoKSnIUtR7wnJOTmBiLouBgFa-2BYuR3N1BUWn7Jwx7vls-2BYysYK5N1rgRE20s8Z8yTDXsGj0dTVe1cRB-2BR4wc-2FoJqZ0Ya3ae1ONC1bywTdxBLB42ZKBO5CQdbztIXTmxISPzNAKNVOJTqanPzh8T0hvsc29iVmQk-2BefmFq9xV1vKIRsHHcolJlf2FtYB9FZl7uReknJ5u8Z8E1m-2BeA-2Fw4Cdp0OH4H6v6qApdKJAe0NQPneeEiT1Xd-2FNwMOsPJ-2BhgXgwrvlPcDYa6zOqsuwAvE-3D\" target=\"_blank\" rel=\"noopener\">Einblicke in aktuelle Promotionsvorhaben<\/a>. In einer Postersession mit begleitenden Pitches pr\u00e4sentieren Promovierende der TH Wildau ihre Forschungsergebnisse und Projekte und stehen f\u00fcr den pers\u00f6nlichen Austausch zur Verf\u00fcgung. Die Veranstaltung beleuchtet die vielf\u00e4ltigen Wege zur Promotion an einer Hochschule f\u00fcr Angewandte Wissenschaften und bietet eine Plattform, um \u00fcber innovative Ideen und die wissenschaftliche Karriereentwicklung zu diskutieren. Themen sind beispielsweise nachhaltige Fertigung, Software-Nachnutzungsmodelle in der \u00f6ffentlichen Verwaltung, prozessoptimiertes Laserschmelzen, 3D-Metalldruck oder die Virtuelle Sensorik und Unsicherheitsanalyse an Drohnenkomponenten.\u00a0<\/p><h2>Open Science Werkstatt und Weltraumfragen<\/h2><p>Der Weltraum erh\u00e4lt eine immer st\u00e4rker werdende strategische Bedeutung. Dies gilt f\u00fcr infrastrukturell unverzichtbare zivile Nutzung im Bereich der Kommunikation, Navigation und Erdbeobachtung, aber auch im Milit\u00e4rbereich, der bereits heute schon von Bedeutung ist. Eine Diskussionsrunde am 11. M\u00e4rz zum Thema \u201eRechtsfragen zu milit\u00e4rischen Aktivit\u00e4ten im Weltraum\u201c widmet sich dem aktuellen Stand des EU-Weltraumprogramms und bekannter Kapazit\u00e4ten der Bundeswehr. Zudem wird es an dem Tag eine Open Science Werkstatt geben. Ein Schwerpunkt ist dabei ORCID (open Researcher and Contributor iD) als pers\u00f6nliche Kennung, die Forscher*innen dabei helfen kann, Publikationen und Forschungsleistungen eindeutig zuzuordnen und sichtbarer zu machen,<\/p><p>Ein vielf\u00e4ltiges Programm bietet dann der Donnerstag, 12. M\u00e4rz 2026, mit gleich f\u00fcnf Veranstaltungen:<\/p><h2>Infrastruktur und Bildung f\u00fcr die Verkehrswende<\/h2><p>Unter dem Leitthema \u201eVoraussetzungen f\u00fcr zukunftsf\u00e4hige Mobilit\u00e4tsformen in lebenswerten Orten\u201c r\u00fcckt das <a title=\"Zur Website der TH Wildau mit Informationen zum 9. Forum Neue Mobilit\u00e4tsformen\" href=\"https:\/\/postman.mynewsdesk.com\/ls\/click?upn=u001.KEXeHGEeL1PTdRFQqNMqEYhWN0sqpXCKP1ixYtWP19vuZwfne0ttp4qgfIUmazAyKioaOX1niURqH67FKas2vvc2Tut2Yg4L07QqLVWvkRyIHmPmYfLoXDH8-2F3vWkJNWIgoNyVmj8khOokMURSxc8S18zFIS8SeTgR2on3y7-2Fu7DdoZ0Ec87JTA30sUvZLFhItvBrjyKTxniz1jTyPmWYB2yWVJy-2F9joumU-2FVdi6SZw-3DMhsT_jr2N3fYHOanhwPy2-2FwwhPsd-2FxGg9cp-2F8ta0J6-2BYxutiyz-2F8EcdAN5GR-2FdffJ2TZGugPdjtEcaLTteun7Ox1I8RZfb2lIGWmEbsQHrITkQWMf9ekIE5X-2FnUpGsGawuG3lIqvA-2BxT28XgwCc4kKmei-2BmYYoKSnIUtR7wnJOTmBiLouBgFa-2BYuR3N1BUWn7Jwx7vls-2BYysYK5N1rgRE20s8Z9mbfkqQAvlGKchgruqvyJ8-2Bx9j8l-2F-2FeJfOjV3WaFim4EdtvoKc-2Bc7VquK9YNPbdnGkCXXZaypRuqrzDz41kuKlHofZFwcds8XNconEcZfV0YD-2BLVfCfw40U80VHvHsChm7HJ8a7PxJG7Jp84lrz-2FDjJbVxVdfiX-2BwglcJFZk1nzspXf6JhOCE-2BOI-2FHdBW15MfOz0zi-2BZSrUgrKC3gPyTr4-3D\" target=\"_blank\" rel=\"noopener\">9. Forum Neue Mobilit\u00e4tsformen<\/a> die praktische Umsetzung der Mobilit\u00e4tswende in den Fokus. Die Teilnehmenden erwartet ein breites Spektrum an Themen \u2013 von innovativen Planungsmethoden der europ\u00e4ischen Nachbarn \u00fcber moderne Infrastrukturl\u00f6sungen, wie etwa Fahrradparkh\u00e4user, bis hin zur Mobilit\u00e4tsbildung an Schulen und Hochschulen. Dabei wird gezielt die Frage diskutiert, welche Impulse Politik, Wissenschaft und Wirtschaft liefern m\u00fcssen, um die n\u00e4chste Generation von Akteur*innen im Verkehrssektor bestm\u00f6glich zu unterst\u00fctzen, die Mobilit\u00e4t von morgen zukunftssicher zu gestalten.\u00a0<\/p><p>Ein besonderer H\u00f6hepunkt der Veranstaltung ist die Verleihung des \u201eStudent Award 2025\u201c der Stiftung heureka f\u00fcr Umwelt und Mobilit\u00e4t f\u00fcr Masterarbeiten, die sich in hervorragender Weise Fragestellungen aus der Mobilit\u00e4t in Verbindung mit Umweltaspekten oder dem Einsatz von Optimierungsmethoden widmen. Zudem werden die beiden neuen Studieng\u00e4nge \u201aMobilit\u00e4t und Verwaltung\u2018 und \u201aMobilit\u00e4t, Umwelt, Logistik\u2018 der TH Wildau vorgestellt.<\/p><h2>Photonische L\u00f6sungen &#8211; smart, nachhaltig, effizient<\/h2><p>Die TH Wildau wurde Ende letzten Jahres als \u201eQuantenort 2025\u201c ausgezeichnet, einem von deutschlandweit 100 Quantenorten. Sichtbar gemacht werden damit Orte, Geb\u00e4ude und Institute, die in besonderer Weise der Quantenphysik verbunden sind.<\/p><p>Eine Veranstaltung, die das j\u00e4hrlich auf dem Campus sichtbar macht, ist das<a title=\"Zur Website der TH Wildau mit Informationen zum EcoPhotonics-Symposium\" href=\"https:\/\/postman.mynewsdesk.com\/ls\/click?upn=u001.KEXeHGEeL1PTdRFQqNMqEYhWN0sqpXCKP1ixYtWP19vuZwfne0ttp4qgfIUmazAyKioaOX1niURqH67FKas2vvc2Tut2Yg4L07QqLVWvkRyIHmPmYfLoXDH8-2F3vWkJNWIgoNyVmj8khOokMURSxc8S18zFIS8SeTgR2on3y7-2Fu6sGwGVoYygvUunUgzuacpoErNH-2BSfVc1WGmS1Gt3XwqCDNB8CE4cWieX17WWqpPAU-3DpgE3_jr2N3fYHOanhwPy2-2FwwhPsd-2FxGg9cp-2F8ta0J6-2BYxutiyz-2F8EcdAN5GR-2FdffJ2TZGugPdjtEcaLTteun7Ox1I8RZfb2lIGWmEbsQHrITkQWMf9ekIE5X-2FnUpGsGawuG3lIqvA-2BxT28XgwCc4kKmei-2BmYYoKSnIUtR7wnJOTmBiLouBgFa-2BYuR3N1BUWn7Jwx7vls-2BYysYK5N1rgRE20s8Z-2FnE73JofLoftj1i3AXL7-2F5t3NcKazCCplZGDu4Qhdg89nPoT9aEJYHmBmSG7YHWk7QCXqEiHdOuXyDEdr3RE3-2BJyd6i8ID4VPp9bvz6Lrsm1SWSs5M5lArImvth-2BAM3YX7XOGY2v-2FR7-2B8lYawEUOl8dMeQe4s8mYql3Q6p7J-2B7MJe7GJLE7-2BjiaGsE7v72tQsLmkXo8kshUnSouDruiZy4-3D\" target=\"_blank\" rel=\"noopener\"> EcoPhotonics-Symposium<\/a>. Die f\u00fcnfte Ausgabe steht unter dem Motto \u201ePhotonische L\u00f6sungen &#8211; smart, nachhaltig, effizient\u201c und soll die Rolle photonischer Technologien f\u00fcr intelligente, ressourcenschonende und zukunftsf\u00e4hige Anwendungen ins richtige Licht r\u00fccken. Pr\u00e4sentiert werden Vortr\u00e4gen zu aktuellen Entwicklungen auf den Gebieten der smarten photonischen Systeme, innovativen Materialien, Analytik und Sensorik und dazu passende M\u00f6glichkeiten der Prozessintegration. Zudem gibt es M\u00f6glichkeiten zum Austausch mit dem Netzwerk EcoPhotonics.\u00a0<\/p><h2>Wasserstoff, Speicher und die Gestaltung der Energiezukunft<\/h2><p>Die Veranstaltung <a title=\"Zur Website der TH Wildau | Informationen zur Veranstaltung &quot;Energie-Synergie: Wasserstoff, Speicher und die Gestaltung der Energiezukunft&quot;\" href=\"https:\/\/postman.mynewsdesk.com\/ls\/click?upn=u001.KEXeHGEeL1PTdRFQqNMqEYhWN0sqpXCKP1ixYtWP19vuZwfne0ttp4qgfIUmazAyKioaOX1niURqH67FKas2vvc2Tut2Yg4L07QqLVWvkRyIHmPmYfLoXDH8-2F3vWkJNWIgoNyVmj8khOokMURSxc8S18zFIS8SeTgR2on3y7-2Fu6rT75xkAaZW0-2FN2MvEYZhTy6WsS05ug9V2P1pcazeqWw-3D-3DsReV_jr2N3fYHOanhwPy2-2FwwhPsd-2FxGg9cp-2F8ta0J6-2BYxutiyz-2F8EcdAN5GR-2FdffJ2TZGugPdjtEcaLTteun7Ox1I8RZfb2lIGWmEbsQHrITkQWMf9ekIE5X-2FnUpGsGawuG3lIqvA-2BxT28XgwCc4kKmei-2BmYYoKSnIUtR7wnJOTmBiLouBgFa-2BYuR3N1BUWn7Jwx7vls-2BYysYK5N1rgRE20s8Z2GCNseexsDX-2B4YZ4AAuXAT5srTnvfyiIqAzgCBrj1AcBSNurqZ-2B3fJKVVNY8gO657-2F3eW9blWB0oItt1YX2kuxuPtIGZU-2FrMCjN57bT7YBCx-2FnNXiQo6q9b-2BQxPuxTFhvec4BtLV9BzgL2YMNLD2jF2sTOgLAn1I5lhf-2BD7p-2BsKaSeZv6iAtcYPtlHYE8LY-2BOm7W58BxHjhSNMgmrv-2FNSM-3D\" target=\"_blank\" rel=\"noopener\">\u201eEnergie-Synergie: Wasserstoff, Speicher und die Gestaltung der Energiezukunft\u201c<\/a> widmet sich der Frage, wie Wasserstoff, Speichertechnologien und neue Energietr\u00e4ger im Zusammenspiel die Energiewende erm\u00f6glichen. Ausgehend von politischen und systemischen Rahmenbedingungen \u00fcber konkrete regionale Umsetzung bis hin zu zukunftsweisender Forschung ist es das Ziel des Events, ein zusammenh\u00e4ngendes Bild energetischer Synergien zu zeigen. Brandenburg wird dabei als Schl\u00fcsselregion sichtbar, in der Wissenschaft, Industrie und Praxis gemeinsam an tragf\u00e4higen L\u00f6sungen arbeiten. Neben Fachvortr\u00e4gen wird es auch eine Panel-Diskussion geben.\u00a0<\/p><h2>Der EU AI Act \u2013 Was kommt auf KMUs zu?<\/h2><p>In einer Arbeitswelt, in der K\u00fcnstliche Intelligenz (KI) zunehmend den Alltag bereichert, trat zum 1. August 2024 der EU AI Act (KI-Verordnung der EU) in Kraft, um Sicherheit zu gew\u00e4hrleisten, Grundrechte zu sch\u00fctzen und gleichzeitig Innovation zu f\u00f6rdern. F\u00fcr Verantwortliche in kleinen und mittleren Unternehmen (KMUs) ist es deshalb jetzt wichtig, die Auswirkungen der KI-Verordnung zu verstehen und Mitarbeitende zu sensibilisieren. Die TH Wildau gibt im Rahmen des Workshops <a title=\"Zur Website der TH Wildau mit Informationen zur Veranstaltung &quot;Der EU AI Act \u2013 Was kommt auf KMU zu?&quot;\" href=\"https:\/\/www.th-wildau.de\/forschung-transfer\/forschung\/forschungsfeld-4-produktion-und-material-production-and-materials\/forschung-transfer\/forschung\/ic3\/forschungsprojekte\/zukunftszentrum-ki-beratungen-veranstaltungen\/workshop-eu-ai-act\" target=\"_blank\" rel=\"noopener\">\u201cDer EU AI Act \u2013 was kommt auf KMUs zu?\u201d<\/a> \u00a0Antworten auf Fragen zum EU AI Act, bietet ein Blended-Learning-Format an und gibt die M\u00f6glichkeit, KI in der Praxis in den Experimentier- und Transferumgebungen der Hochschule zu erleben.\u00a0<\/p><h2>Waldbrandschutz als interdisziplin\u00e4re Herausforderung<\/h2><p>Zu Gast auf dem Campus am 12. und 13. M\u00e4rz ist auch das Brandenburger Waldbrandkompetenzzentrum, das sich in einem wissenschaftlichen Strategieworkshop dem Waldbrandschutz als interdisziplin\u00e4re Herausforderung annimmt.<\/p><h2>Posterausstellung mit mehr als 35 Projekten<\/h2><p>Neben den Veranstaltungen stellen sich im Foyer der Halle 17 auf dem Campus der TH Wildau und in einer virtuellen Ausstellung mehr als 35 aktuelle Projekte der angewandten Forschung an der TH Wildau aus den Forschungsfeldern Zukunftsf\u00e4hige Mobilit\u00e4t, Nachhaltige Wert(e)sch\u00f6pfung und Effektive Verwaltung vor.<\/p><h3>Weiterf\u00fchrende Informationen<\/h3><p>Die Wildauer Wissenschaftswoche richtet sich sowohl an Fachpublikum als auch an die interessierte \u00d6ffentlichkeit. <br \/><br \/><strong>Alle Informationen zu den Veranstaltungen, Programmen und Anmeldem\u00f6glichkeiten gibt es auf der Veranstaltungsseite der Wildauer Wissenschaftswoche: \u00bb <a title=\"Zur Website der TH Wildau mit allen Informationen zur Wildauer Wissenschaftswoche\" href=\"https:\/\/www.th-wildau.de\/forschung-transfer\/wissens-und-technologietransfer\/veranstaltungen-und-termine\/15-wildauer-wissenschaftswoche\" target=\"_blank\" rel=\"noopener\">https:\/\/www.th-wildau.de\/wiwo<\/a><\/strong><\/p>\t\t\t\t\t\t\t\t<\/div>\n\t\t\t\t<\/div>\n\t\t\t\t\t<\/div>\n\t\t<\/div>\n\t\t\t\t<div class=\"elementor-column elementor-col-33 elementor-top-column elementor-element elementor-element-7db5b36\" data-id=\"7db5b36\" data-element_type=\"column\" data-e-type=\"column\">\n\t\t\t<div class=\"elementor-widget-wrap elementor-element-populated\">\n\t\t\t\t\t\t<div class=\"elementor-element elementor-element-41e3bd1 elementor-widget elementor-widget-heading\" data-id=\"41e3bd1\" data-element_type=\"widget\" data-e-type=\"widget\" data-widget_type=\"heading.default\">\n\t\t\t\t<div class=\"elementor-widget-container\">\n\t\t\t\t\t<h5 class=\"elementor-heading-title elementor-size-default\">Ver\u00f6ffentlichungsdatum:<\/h5>\t\t\t\t<\/div>\n\t\t\t\t<\/div>\n\t\t\t\t<div class=\"elementor-element elementor-element-028bb72 elementor-widget elementor-widget-post-info\" data-id=\"028bb72\" data-element_type=\"widget\" data-e-type=\"widget\" data-widget_type=\"post-info.default\">\n\t\t\t\t<div class=\"elementor-widget-container\">\n\t\t\t\t\t\t\t<ul class=\"elementor-inline-items elementor-icon-list-items elementor-post-info\">\n\t\t\t\t\t\t\t\t<li class=\"elementor-icon-list-item elementor-repeater-item-cbc31cf elementor-inline-item\">\n\t\t\t\t\t\t\t\t\t\t\t\t\t<span class=\"elementor-icon-list-text elementor-post-info__item elementor-post-info__item--type-custom\">\n\t\t\t\t\t\t\t\t\t\t26. February 2026\t\t\t\t\t<\/span>\n\t\t\t\t\t\t\t\t<\/li>\n\t\t\t\t<\/ul>\n\t\t\t\t\t\t<\/div>\n\t\t\t\t<\/div>\n\t\t\t\t<div class=\"elementor-element elementor-element-964b395 elementor-widget elementor-widget-heading\" data-id=\"964b395\" data-element_type=\"widget\" data-e-type=\"widget\" data-widget_type=\"heading.default\">\n\t\t\t\t<div class=\"elementor-widget-container\">\n\t\t\t\t\t<h5 class=\"elementor-heading-title elementor-size-default\">Quelle:<\/h5>\t\t\t\t<\/div>\n\t\t\t\t<\/div>\n\t\t\t\t<div class=\"elementor-element elementor-element-de79a4e elementor-widget elementor-widget-text-editor\" data-id=\"de79a4e\" data-element_type=\"widget\" data-e-type=\"widget\" data-widget_type=\"text-editor.default\">\n\t\t\t\t<div class=\"elementor-widget-container\">\n\t\t\t\t\t\t\t\t\t<p>Technische Hochschule Wildau<\/p>\t\t\t\t\t\t\t\t<\/div>\n\t\t\t\t<\/div>\n\t\t\t\t<div class=\"elementor-element elementor-element-c279563 elementor-widget elementor-widget-heading\" data-id=\"c279563\" data-element_type=\"widget\" data-e-type=\"widget\" data-widget_type=\"heading.default\">\n\t\t\t\t<div class=\"elementor-widget-container\">\n\t\t\t\t\t<h5 class=\"elementor-heading-title elementor-size-default\">Bildquelle:<\/h5>\t\t\t\t<\/div>\n\t\t\t\t<\/div>\n\t\t\t\t<div class=\"elementor-element elementor-element-e24f65b elementor-widget elementor-widget-text-editor\" data-id=\"e24f65b\" data-element_type=\"widget\" data-e-type=\"widget\" data-widget_type=\"text-editor.default\">\n\t\t\t\t<div class=\"elementor-widget-container\">\n\t\t\t\t\t\t\t\t\t<p>Mareike Rammelt | Technische Hochschule Wildau<\/p>\t\t\t\t\t\t\t\t<\/div>\n\t\t\t\t<\/div>\n\t\t\t\t\t<\/div>\n\t\t<\/div>\n\t\t\t\t\t<\/div>\n\t\t<\/section>\n\t\t\t\t<\/div>\n\t\t","protected":false},"excerpt":{"rendered":"<p>Ob zukunftsf\u00e4hige Mobilit\u00e4t, K\u00fcnstliche Intelligenz in der Anwendung, praxisnahe Quantentechnologie oder Weltraumrecht \u2013 die diesj\u00e4hrige Wildauer Wissenschaftswoche der TH Wildau pr\u00e4sentiert erneut die enorme Bandbreite angewandter Forschung der Hochschule. Besucherinnen und Besucher erwartet vom 9. bis 13. M\u00e4rz ein interdisziplin\u00e4res Programm mit spannenden Vortr\u00e4gen, Foren, Symposien, Konferenzen u.v.m.!<\/p>\n","protected":false},"author":19,"featured_media":83554,"comment_status":"closed","ping_status":"closed","sticky":false,"template":"","format":"standard","meta":{"footnotes":""},"categories":[298,309,305,299,2,297],"tags":[],"hf_cat_post":[],"class_list":["post-84369","post","type-post","status-publish","format-standard","has-post-thumbnail","hentry","category-forschung-en","category-stadt-wildau-en","category-termine-en","category-th-wildau-en","category-uncategorized","category-wirtschaft-en"],"_links":{"self":[{"href":"https:\/\/dahme-innovation.de\/en\/wp-json\/wp\/v2\/posts\/84369","targetHints":{"allow":["GET"]}}],"collection":[{"href":"https:\/\/dahme-innovation.de\/en\/wp-json\/wp\/v2\/posts"}],"about":[{"href":"https:\/\/dahme-innovation.de\/en\/wp-json\/wp\/v2\/types\/post"}],"author":[{"embeddable":true,"href":"https:\/\/dahme-innovation.de\/en\/wp-json\/wp\/v2\/users\/19"}],"replies":[{"embeddable":true,"href":"https:\/\/dahme-innovation.de\/en\/wp-json\/wp\/v2\/comments?post=84369"}],"version-history":[{"count":1,"href":"https:\/\/dahme-innovation.de\/en\/wp-json\/wp\/v2\/posts\/84369\/revisions"}],"predecessor-version":[{"id":84371,"href":"https:\/\/dahme-innovation.de\/en\/wp-json\/wp\/v2\/posts\/84369\/revisions\/84371"}],"wp:featuredmedia":[{"embeddable":true,"href":"https:\/\/dahme-innovation.de\/en\/wp-json\/wp\/v2\/media\/83554"}],"wp:attachment":[{"href":"https:\/\/dahme-innovation.de\/en\/wp-json\/wp\/v2\/media?parent=84369"}],"wp:term":[{"taxonomy":"category","embeddable":true,"href":"https:\/\/dahme-innovation.de\/en\/wp-json\/wp\/v2\/categories?post=84369"},{"taxonomy":"post_tag","embeddable":true,"href":"https:\/\/dahme-innovation.de\/en\/wp-json\/wp\/v2\/tags?post=84369"},{"taxonomy":"hf_cat_post","embeddable":true,"href":"https:\/\/dahme-innovation.de\/en\/wp-json\/wp\/v2\/hf_cat_post?post=84369"}],"curies":[{"name":"wp","href":"https:\/\/api.w.org\/{rel}","templated":true}]}}