{"id":43858,"date":"2022-06-10T08:27:33","date_gmt":"2022-06-10T06:27:33","guid":{"rendered":"https:\/\/dahme-innovation.de\/auszeichnung-fuer-lds-unternehmerinnen\/"},"modified":"2022-06-16T09:17:32","modified_gmt":"2022-06-16T07:17:32","slug":"auszeichnung-fuer-lds-unternehmerinnen","status":"publish","type":"post","link":"https:\/\/dahme-innovation.de\/en\/auszeichnung-fuer-lds-unternehmerinnen\/","title":{"rendered":"Auszeichnung f\u00fcr LDS-Unternehmerinnen"},"content":{"rendered":"\t\t<div data-elementor-type=\"wp-post\" data-elementor-id=\"43858\" class=\"elementor elementor-43858 elementor-43844\" data-elementor-post-type=\"post\">\n\t\t\t\t\t\t<section class=\"elementor-section elementor-top-section elementor-element elementor-element-2ed90711 elementor-section-height-min-height elementor-section-content-middle elementor-section-boxed elementor-section-height-default elementor-section-items-middle\" data-id=\"2ed90711\" data-element_type=\"section\" data-e-type=\"section\" data-settings=\"{&quot;background_background&quot;:&quot;slideshow&quot;,&quot;background_slideshow_gallery&quot;:[{&quot;id&quot;:43851,&quot;url&quot;:&quot;https:\\\/\\\/dahme-innovation.de\\\/wp-content\\\/uploads\\\/2022_UGT.jpg&quot;}],&quot;background_slideshow_loop&quot;:&quot;yes&quot;,&quot;background_slideshow_slide_duration&quot;:5000,&quot;background_slideshow_slide_transition&quot;:&quot;fade&quot;,&quot;background_slideshow_transition_duration&quot;:500}\">\n\t\t\t\t\t\t<div class=\"elementor-container elementor-column-gap-default\">\n\t\t\t\t\t<div class=\"elementor-column elementor-col-100 elementor-top-column elementor-element elementor-element-63d59a01\" data-id=\"63d59a01\" data-element_type=\"column\" data-e-type=\"column\">\n\t\t\t<div class=\"elementor-widget-wrap\">\n\t\t\t\t\t\t\t<\/div>\n\t\t<\/div>\n\t\t\t\t\t<\/div>\n\t\t<\/section>\n\t\t\t\t<section class=\"elementor-section elementor-top-section elementor-element elementor-element-20f5859 elementor-section-boxed elementor-section-height-default elementor-section-height-default\" data-id=\"20f5859\" data-element_type=\"section\" data-e-type=\"section\">\n\t\t\t\t\t\t<div class=\"elementor-container elementor-column-gap-wide\">\n\t\t\t\t\t<div class=\"elementor-column elementor-col-66 elementor-top-column elementor-element elementor-element-0dad736\" data-id=\"0dad736\" data-element_type=\"column\" data-e-type=\"column\">\n\t\t\t<div class=\"elementor-widget-wrap elementor-element-populated\">\n\t\t\t\t\t\t<div class=\"elementor-element elementor-element-eb74090 elementor-widget elementor-widget-heading\" data-id=\"eb74090\" data-element_type=\"widget\" data-e-type=\"widget\" data-widget_type=\"heading.default\">\n\t\t\t\t<div class=\"elementor-widget-container\">\n\t\t\t\t\t<h3 class=\"elementor-heading-title elementor-size-default\">Auszeichnung f\u00fcr LDS-Unternehmerinnen<\/h3>\t\t\t\t<\/div>\n\t\t\t\t<\/div>\n\t\t\t\t<div class=\"elementor-element elementor-element-d2011e7 elementor-widget elementor-widget-text-editor\" data-id=\"d2011e7\" data-element_type=\"widget\" data-e-type=\"widget\" data-widget_type=\"text-editor.default\">\n\t\t\t\t<div class=\"elementor-widget-container\">\n\t\t\t\t\t\t\t\t\t<p><strong>Anett Wahl aus Bestensee (Dahme-Spreewald) ist \u201eUnternehmerin des Landes Brandenburg 2022\u201c. Sie ist Inhaberin der B\u00e4ckerei Konditorei Wahl GmbH mit mehr als 40 Filialen. Juliane Spieker aus Wildau (Dahme-Spreewald) ist \u201eExistenzgr\u00fcnderin des Landes Brandenburg 2022\u201c. Sie entwickelte eine modulare Mehrwegverpackung, die zu 100 Prozent recyclebar ist. Wirtschaftsminister J\u00f6rg Steinbach und Sozialministerin Ursula Nonnemacher haben die Preistr\u00e4gerinnen heute im Rahmen des 13. Unternehmerinnen- und Gr\u00fcnderinnentag des Landes Brandenburg (UGT) ausgezeichnet.<\/strong><\/p><p>Der Preis \u201eUnternehmerin des Landes Brandenburg\u201c wird seit 2003 alle zwei Jahre vergeben. Er ist mit drei Preisgeldern in H\u00f6he von 3.000, 1.500 und 1.000 Euro dotiert.\u00a0<strong>Zweitplatzierte Unternehmerin 2022<\/strong>\u00a0wurde\u00a0<strong>Joanna Hajnaj<\/strong>. Sie ist die Gesch\u00e4ftsf\u00fchrerin der Environmental Protection Technology for Storage Tanks GmbH in Schwedt (Uckermark). Der\u00a0<strong>dritte Platz<\/strong>\u00a0ging an\u00a0<strong>Vanessa Arend-Martin<\/strong>\u00a0aus Teltow (Teltow-Fl\u00e4ming). Sie ist die Gesch\u00e4ftsf\u00fchrerin des Buchkontors Teltow. Der Preis \u201eExistenzgr\u00fcnderin des Landes Brandenburg\u201c ist mit 1.500 Euro dotiert und wurde nach 2018 zum vierten Mal vergeben. F\u00fcr beide Preise wurden zusammen 79 Bewerbungen eingereicht. Der Wettbewerb und der UGT standen unter dem\u00a0<strong>Motto \u201eStarke Frauen. Starke Wirtschaft.\u201c<\/strong><\/p><p><strong>Ministerpr\u00e4sident<\/strong><strong>Dietmar Woidke<\/strong>, der Schirmherr des Wettbewerbs ist, erkl\u00e4rte: \u201eHerzlichen Gl\u00fcckwunsch den Preistr\u00e4gerinnen. Unternehmerinnen leisten einen wichtigen Beitrag zur positiven wirtschaftlichen Entwicklung unseres Landes. Diese erfreuliche Tatsache wollen wir mit der Auszeichnung der Unternehmerin und der Existenzgr\u00fcnderin des Landes Brandenburg 2022 noch st\u00e4rker in das Scheinwerferlicht der \u00d6ffentlichkeit bringen. Andere Frauen sollen ermutigt werden, Brandenburg mitzugestalten, Innovationen auf den Markt zu bringen und die Wirtschaftskraft in unserem Land zu st\u00e4rken.\u201c<\/p><p><strong>Arbeitsminister J\u00f6rg Steinbach<\/strong>\u00a0w\u00fcrdigte die Preistr\u00e4gerinnen als ideenreiche, mutige und engagierte Unternehmerinnen: \u201eRund ein Drittel der brandenburgischen Unternehmen werden von Frauen gef\u00fchrt. Jede einzelne Unternehmerin, die sich mit ihrem Betrieb am Markt behauptet, st\u00e4rkt die Wirtschaftskraft unseres Landes. Egal, ob sie ein Unternehmen neu gegr\u00fcndet und einen Betrieb \u00fcbernommen haben \u2013 sie alle haben viel Zeit, Kraft und Ausdauer investiert und verdienen damit Respekt und Anerkennung. Der Wettbewerb tr\u00e4gt dazu bei, das Wirtschaftspotenzial der m\u00e4rkischen Unternehmerinnen und Gr\u00fcnderinnen sichtbar zu machen sowie ihre Leistungsf\u00e4higkeit und Innovationsst\u00e4rke zu dokumentieren. Unser Ziel ist es, noch mehr Unternehmergeist bei unseren brandenburgischen Frauen zu wecken und Inspiration und Leidenschaft f\u00fcr ein Leben als Unternehmerin zu stiften.\u201c<\/p><p><strong>Sozialministerin Ursula Nonnemacher:<\/strong>\u00a0\u201eBrandenburg hat mutige und ideenreiche Unternehmerinnen, die mit ihrer Kreativit\u00e4t, ihrem Wissen und Engagement einen unverzichtbaren Beitrag zur Wirtschaftskraft des Landes leisten. Sie sind aber auch tolle Vorbilder, denn immer noch gehen deutlich mehr M\u00e4nner als Frauen den Schritt in die berufliche Selbstst\u00e4ndigkeit. Brandenburg braucht mehr Gr\u00fcnderinnen und Unternehmerinnen, braucht mehr Frauen in F\u00fchrungspositionen. Mit den Preisen m\u00f6chten wir deshalb noch mehr Brandenburgerinnen ermutigen, ihre Ideen im Rahmen einer Existenzgr\u00fcndung zu verwirklichen. Die heutigen Preistr\u00e4gerinnen zeigen eindrucksvoll, wie erfolgreich Frauen bereits in den unterschiedlichsten Branchen sind.<\/p><h4>Existenzgr\u00fcnderin des Landes Brandenburg 2022<\/h4><p><strong>Juliane Spieker<\/strong><br \/><strong>PFABO GmbH (<\/strong><a href=\"http:\/\/www.pfabo.de\/\" target=\"_blank\" rel=\"noopener\"><strong>www.pfabo.de<\/strong><\/a><strong>)<\/strong><br \/><strong>Sitz: Wildau, Gr\u00fcndungsjahr: 2020<\/strong><br \/><strong>Branche: Lebensmittel \/ Verpackung<\/strong><\/p><p>Mit ihrem Unternehmen PFABO hat sich Brandenburgs beste \u201eExistenzgr\u00fcnderin 2022\u201c\u00a0<strong>Juliane Spieker\u00a0<\/strong>ganz der Nachhaltigkeit verschrieben. Die PFABO GmbH hat eine modulare Mehrwegverpackung f\u00fcr Lebensmittel entwickelt und bietet diese f\u00fcr den Lebensmitteleinzelhandel und dar\u00fcber hinaus an. Die Verpackungen sind zu 100 Prozent recyclebar und k\u00f6nnen \u00fcber ein Label direkt vom Kassensystem gelesen werden. Ziel des Start-ups ist es, ein unternehmens\u00fcbergreifendes, fl\u00e4chendeckendes Mehrwegsystem f\u00fcr Lebensmittel aufzubauen \u2013 deutschlandweit und dar\u00fcber hinaus. In Zukunft sollen weitere Felder wie der Krankenhaussektor erschlossen werden. Juliane Spieker will dazu beitragen, die Nutzung von Einwegverpackungen einzud\u00e4mmen. Sie kooperiert u. a. mit der TH Wildau und der Hochschule f\u00fcr nachhaltige Entwicklung in Eberswalde. Dar\u00fcber hinaus engagiert sie sich beim Aufbau des Mehrwegverbandes Deutschland. Sie erh\u00e4lt als Existenzgr\u00fcnderin des Landes Brandenburg 2022 ein\u00a0<strong>Preisgeld<\/strong>\u00a0in H\u00f6he von\u00a0<strong>1.500 Euro<\/strong>.<br \/>\u00a0<\/p><h4>&#8220;Unternehmerin des Landes Brandenburg 2022&#8221;<\/h4><p><strong>1. Platz: Anett Wahl<\/strong><br \/><strong>B\u00e4ckerei Konditorei Wahl GmbH (<\/strong><a href=\"http:\/\/www.baeckerwahl.de\/\" target=\"_blank\" rel=\"noopener\"><strong>www.baeckerwahl.de<\/strong><\/a><strong>)<br \/>Sitz: Bestensee, Gr\u00fcndungsjahr: 1978<\/strong><br \/><strong>Branche: B\u00e4ckerei, Herstellung und Vertrieb von Backwaren<\/strong><\/p><p>Brandenburgs beste \u201eUnternehmerin 2022\u201c<strong>\u00a0Anett Wahl<\/strong>\u00a0ist Inhaberin der B\u00e4ckerei Konditorei Wahl mit mehr als 40 Filialen. Sie hat alle Abl\u00e4ufe in der B\u00e4ckerei von der Pike auf gelernt und f\u00fchrt das Lebenswerk ihrer Eltern mit gro\u00dfem Engagement weiter. Alle Backwaren werden in den Filialen aus frischen Teiglingen gebacken (keine gefrorenen Vorprodukte), um so absolute Frische und beste Qualit\u00e4t zu gew\u00e4hrleisten. Anett Wahl ist es wichtig, neben ihren Produkten auch die Verarbeitungsprozesse kontinuierlich auf den Pr\u00fcfstand zu stellen. Sie hat ein eigenes Team zur Entwicklung neuer und Optimierung bestehender Produkte etabliert. Und sie setzt auf Digitalisierung \u2013 beginnend bei der Personaleinsatzplanung \u00fcber die Tourenpl\u00e4ne und die GPS-Steuerung des Fuhrparks bis hin zur komplett vernetzten Backstube. Beim internen Bestellwesen nutzt die Unternehmerin ein KI-System, das die Bestellungen kalkuliert und berechnet.\u00a0 F\u00fcr den\u00a0<strong>1. Preis\u00a0<\/strong>als Unternehmerin des Landes Brandenburg 2022 erh\u00e4lt Anett Wahl<strong>\u00a03.000 Euro<\/strong>.<br \/>\u00a0<\/p><p><strong>2. Platz: Joanna Hajnaj<br \/>Environmental Protection Technology for Storage Tanks GmbH (EPT)\u00a0\u00a0<\/strong><strong>(<\/strong><a href=\"http:\/\/www.ept-storagetanks.com\/\" target=\"_blank\" rel=\"noopener\"><strong>www.ept-storagetanks.com<\/strong><\/a><strong>)<\/strong><br \/><strong>Sitz: Schwedt, Gr\u00fcndungsjahr: 2018<\/strong><br \/><strong>Branche: Energie \/ Umwelttechnik<\/strong><\/p><p><strong>Joanna Hajnaj\u00a0<\/strong>leitet das Greentech-Start-up EPT, das innovative Technologien zur Reduzierung von umweltsch\u00e4dlichen Emissionen in chemischen und petrochemischen Tanklagern und Raffinerien herstellt. So produziert die Firma patentierte feuerfeste GFK-Schwimmd\u00e4cher f\u00fcr Lagertanks in der Chemie- und Petrochemie-Branche, die im Vergleich zu bisher eingesetzten CO2-intensiven Stahlschwimmd\u00e4chern moderner, umweltfreundlicher und kosteng\u00fcnstiger sind. Als junge Unternehmerin in einer m\u00e4nnerdominierten Branche sorgt das Auftreten von Joanna Hajnaj nicht selten f\u00fcr \u00fcberraschte Gesichter, wenn sie von High Heels zum Blaumann wechselt und ihr Technikteam bei der Installation der EPT-Systeme im Tank begleitet. EPT kooperiert eng mit dem S\u00fcddeutschen Kunststoffzentrum, dem T\u00dcV Nord, dem Chemielieferanten B\u00fcfa in Oldenburg und der PCK-Raffinerie in Schwedt \u2013 mit dem Ziel, die sicherheitstechnischen und qualitativen Anforderungen an ihr Produkt st\u00e4ndig zu optieren. Hajnaj erh\u00e4lt f\u00fcr den\u00a0<strong>2.\u00a0Preis 1.500 Euro<\/strong>.<\/p><p>\u00a0<\/p><p><strong>3. Platz: Vanessa Arend-Martin<br \/>Buchkontor Teltow (<\/strong><a href=\"http:\/\/www.buchkontor-teltow.de\/\" target=\"_blank\" rel=\"noopener\"><strong>www.buchkontor-teltow.de<\/strong><\/a><strong>)<\/strong><br \/><strong>Sitz: Teltow, Gr\u00fcndungsjahr: 2012<\/strong><br \/><strong>Branche: Buchhandel und Verlag<\/strong><\/p><p>Viele Jahre gab es keine Buchhandlung in Teltow. Das brachte die Drittplatzierte\u00a0<strong>Vanessa Arend-Martin<\/strong>\u00a0auf die Idee, Literatur f\u00fcr Kinder und Erwachsene nach Teltow zu bringen. 2012 er\u00f6ffnete sie ihr Buchkontor in der Teltower Altstadt. Ein Jahr sp\u00e4ter kam ihr Regionalverlag hinzu, in dem sie vornehmlich Literatur von heimischen Autoren publiziert, die sich mit der Region Teltow-Kleinmachnow-Stahnsdorf und Potsdam befasst. Produziert werden die B\u00fccher in regionalen Druckereien. Nach einem schwierigen Start hat sich das Buchkontor Teltow mittlerweile als \u201eBuch-Nahversorger\u201c etabliert und zu einem Treffpunkt f\u00fcr B\u00fccherfreunde entwickelt. Eng kooperiert Vanessa Arend-Martin unter anderem mit der Stadtbibliothek Teltow sowie diversen Kitas, Horten und Grundschulen. Im Sommer versorgt sie die Teltower Sch\u00fclerinnen und Sch\u00fcler mit Schulb\u00fcchern. Neben der \u201eanalogen\u201c Buchhandlung verf\u00fcgt sie \u00fcber einen Webshop. Vanessa Arend-Martin erh\u00e4lt f\u00fcr den\u00a0<strong>3. Preis 1.000 Euro<\/strong>.<\/p><p>\u00a0<\/p><hr \/><p><strong>Hintergrund zum Wettbewerb<\/strong><\/p><p>Bewerben konnten sich Unternehmerinnen, die mindestens 25 Prozent der Gesch\u00e4ftsanteile halten und die Gesch\u00e4ftsf\u00fchrungsfunktion innehaben, Kleinstunternehmerinnen, Freiberuflerinnen und Solo-Unternehmerinnen sowie Existenzgr\u00fcnderinnen, die ihren Gesch\u00e4ftssitz im Land Brandenburg haben. Kriterien f\u00fcr die Jury-Bewertung waren u. a. Unternehmensdarstellung, Nachhaltigkeit und ehrenamtliches Engagement. Bedingung f\u00fcr die Bewerbung um den Preis \u201eExistenzgr\u00fcnderin des Landes Brandenburg\u201c war, dass die Existenzgr\u00fcndung nicht vor dem 1. Januar 2020 erfolgt sein durfte.<\/p><p>Der Unternehmerinnen- und Gr\u00fcnderinnentag wird aus Mitteln des Europ\u00e4ischen Sozialfonds und des Landes Brandenburg finanziert.<\/p><p>Weitere Informationen sowie\u00a0<strong>Laudationes<\/strong>\u00a0und\u00a0<strong>Filme \u00fcber die Wettbewerbssiegerinnen<\/strong>\u00a0finden Sie im Internet unter\u00a0<a href=\"http:\/\/www.ugt-brandenburg.de\/#_blank\" target=\"_blank\" rel=\"noopener\">www.ugt-brandenburg.de<\/a><\/p>\t\t\t\t\t\t\t\t<\/div>\n\t\t\t\t<\/div>\n\t\t\t\t\t<\/div>\n\t\t<\/div>\n\t\t\t\t<div class=\"elementor-column elementor-col-33 elementor-top-column elementor-element elementor-element-7db5b36\" data-id=\"7db5b36\" data-element_type=\"column\" data-e-type=\"column\">\n\t\t\t<div class=\"elementor-widget-wrap elementor-element-populated\">\n\t\t\t\t\t\t<div class=\"elementor-element elementor-element-41e3bd1 elementor-widget elementor-widget-heading\" data-id=\"41e3bd1\" data-element_type=\"widget\" data-e-type=\"widget\" data-widget_type=\"heading.default\">\n\t\t\t\t<div class=\"elementor-widget-container\">\n\t\t\t\t\t<h5 class=\"elementor-heading-title elementor-size-default\">Ver\u00f6ffentlichungsdatum:<\/h5>\t\t\t\t<\/div>\n\t\t\t\t<\/div>\n\t\t\t\t<div class=\"elementor-element elementor-element-028bb72 elementor-widget elementor-widget-post-info\" data-id=\"028bb72\" data-element_type=\"widget\" data-e-type=\"widget\" data-widget_type=\"post-info.default\">\n\t\t\t\t<div class=\"elementor-widget-container\">\n\t\t\t\t\t\t\t<ul class=\"elementor-inline-items elementor-icon-list-items elementor-post-info\">\n\t\t\t\t\t\t\t\t<li class=\"elementor-icon-list-item elementor-repeater-item-cbc31cf elementor-inline-item\">\n\t\t\t\t\t\t\t\t\t\t\t\t\t<span class=\"elementor-icon-list-text elementor-post-info__item elementor-post-info__item--type-custom\">\n\t\t\t\t\t\t\t\t\t\t10. June 2022\t\t\t\t\t<\/span>\n\t\t\t\t\t\t\t\t<\/li>\n\t\t\t\t<\/ul>\n\t\t\t\t\t\t<\/div>\n\t\t\t\t<\/div>\n\t\t\t\t<div class=\"elementor-element elementor-element-964b395 elementor-widget elementor-widget-heading\" data-id=\"964b395\" data-element_type=\"widget\" data-e-type=\"widget\" data-widget_type=\"heading.default\">\n\t\t\t\t<div class=\"elementor-widget-container\">\n\t\t\t\t\t<h5 class=\"elementor-heading-title elementor-size-default\">Quelle:<\/h5>\t\t\t\t<\/div>\n\t\t\t\t<\/div>\n\t\t\t\t<div class=\"elementor-element elementor-element-de79a4e elementor-widget elementor-widget-text-editor\" data-id=\"de79a4e\" data-element_type=\"widget\" data-e-type=\"widget\" data-widget_type=\"text-editor.default\">\n\t\t\t\t<div class=\"elementor-widget-container\">\n\t\t\t\t\t\t\t\t\t<p>Ministerium f\u00fcr Wirtschaft, Arbeit und Energie des Landes Brandenburg<\/p>\t\t\t\t\t\t\t\t<\/div>\n\t\t\t\t<\/div>\n\t\t\t\t<div class=\"elementor-element elementor-element-c279563 elementor-widget elementor-widget-heading\" data-id=\"c279563\" data-element_type=\"widget\" data-e-type=\"widget\" data-widget_type=\"heading.default\">\n\t\t\t\t<div class=\"elementor-widget-container\">\n\t\t\t\t\t<h5 class=\"elementor-heading-title elementor-size-default\">Bildunterschrift:<\/h5>\t\t\t\t<\/div>\n\t\t\t\t<\/div>\n\t\t\t\t<div class=\"elementor-element elementor-element-f16eafb elementor-widget elementor-widget-text-editor\" data-id=\"f16eafb\" data-element_type=\"widget\" data-e-type=\"widget\" data-widget_type=\"text-editor.default\">\n\t\t\t\t<div class=\"elementor-widget-container\">\n\t\t\t\t\t\t\t\t\t<p>Juliane Spieker (Pfabo GmbH) und Anett Wahl (B\u00e4ckerei Konditorei Wahl GmbH) (Bildmitte) wurden beim 13. Unternehmerinnen- und Gr\u00fcnderinnentag in Potsdam f\u00fcr ihre unternehmerischen Leistungen ausgezeichnet.\u00a0<\/p>\t\t\t\t\t\t\t\t<\/div>\n\t\t\t\t<\/div>\n\t\t\t\t<div class=\"elementor-element elementor-element-5b4b763 elementor-widget elementor-widget-heading\" data-id=\"5b4b763\" data-element_type=\"widget\" data-e-type=\"widget\" data-widget_type=\"heading.default\">\n\t\t\t\t<div class=\"elementor-widget-container\">\n\t\t\t\t\t<h5 class=\"elementor-heading-title elementor-size-default\">Bildquelle:<\/h5>\t\t\t\t<\/div>\n\t\t\t\t<\/div>\n\t\t\t\t<div class=\"elementor-element elementor-element-e24f65b elementor-widget elementor-widget-text-editor\" data-id=\"e24f65b\" data-element_type=\"widget\" data-e-type=\"widget\" data-widget_type=\"text-editor.default\">\n\t\t\t\t<div class=\"elementor-widget-container\">\n\t\t\t\t\t\t\t\t\t<p>Wirtschaftsf\u00f6rderungsgesellschaft Dahme-Spreewald<\/p>\t\t\t\t\t\t\t\t<\/div>\n\t\t\t\t<\/div>\n\t\t\t\t\t<\/div>\n\t\t<\/div>\n\t\t\t\t\t<\/div>\n\t\t<\/section>\n\t\t\t\t<\/div>\n\t\t","protected":false},"excerpt":{"rendered":"<p>Zwei Unternehmerinnen aus dem LDS gewinnen den Wettbewerb des &#8220;13. Unternehmerinnen- und Gr\u00fcnderinnentags&#8221; (UGT) des Landes Brandenburg.<\/p>\n","protected":false},"author":2,"featured_media":43852,"comment_status":"closed","ping_status":"closed","sticky":false,"template":"","format":"standard","meta":{"footnotes":""},"categories":[309,313,2,297,301,314,315],"tags":[],"hf_cat_post":[],"class_list":["post-43858","post","type-post","status-publish","format-standard","has-post-thumbnail","hentry","category-stadt-wildau-en","category-tgz-wildau-en","category-uncategorized","category-wirtschaft-en","category-wirtschaftsfoerderung-dahme-spreewald-en","category-zfz-wildau-en","category-zlr-wildau-en"],"_links":{"self":[{"href":"https:\/\/dahme-innovation.de\/en\/wp-json\/wp\/v2\/posts\/43858","targetHints":{"allow":["GET"]}}],"collection":[{"href":"https:\/\/dahme-innovation.de\/en\/wp-json\/wp\/v2\/posts"}],"about":[{"href":"https:\/\/dahme-innovation.de\/en\/wp-json\/wp\/v2\/types\/post"}],"author":[{"embeddable":true,"href":"https:\/\/dahme-innovation.de\/en\/wp-json\/wp\/v2\/users\/2"}],"replies":[{"embeddable":true,"href":"https:\/\/dahme-innovation.de\/en\/wp-json\/wp\/v2\/comments?post=43858"}],"version-history":[{"count":6,"href":"https:\/\/dahme-innovation.de\/en\/wp-json\/wp\/v2\/posts\/43858\/revisions"}],"predecessor-version":[{"id":43908,"href":"https:\/\/dahme-innovation.de\/en\/wp-json\/wp\/v2\/posts\/43858\/revisions\/43908"}],"wp:featuredmedia":[{"embeddable":true,"href":"https:\/\/dahme-innovation.de\/en\/wp-json\/wp\/v2\/media\/43852"}],"wp:attachment":[{"href":"https:\/\/dahme-innovation.de\/en\/wp-json\/wp\/v2\/media?parent=43858"}],"wp:term":[{"taxonomy":"category","embeddable":true,"href":"https:\/\/dahme-innovation.de\/en\/wp-json\/wp\/v2\/categories?post=43858"},{"taxonomy":"post_tag","embeddable":true,"href":"https:\/\/dahme-innovation.de\/en\/wp-json\/wp\/v2\/tags?post=43858"},{"taxonomy":"hf_cat_post","embeddable":true,"href":"https:\/\/dahme-innovation.de\/en\/wp-json\/wp\/v2\/hf_cat_post?post=43858"}],"curies":[{"name":"wp","href":"https:\/\/api.w.org\/{rel}","templated":true}]}}