{"id":43839,"date":"2022-05-31T08:14:46","date_gmt":"2022-05-31T06:14:46","guid":{"rendered":"https:\/\/dahme-innovation.de\/verkehrskolloquium-mit-dem-schwerpunkt-autonomes-fahren\/"},"modified":"2022-05-31T08:14:46","modified_gmt":"2022-05-31T06:14:46","slug":"verkehrskolloquium-mit-dem-schwerpunkt-autonomes-fahren","status":"publish","type":"post","link":"https:\/\/dahme-innovation.de\/en\/verkehrskolloquium-mit-dem-schwerpunkt-autonomes-fahren\/","title":{"rendered":"Verkehrskolloquium mit dem Schwerpunkt Autonomes Fahren"},"content":{"rendered":"\t\t<div data-elementor-type=\"wp-post\" data-elementor-id=\"43839\" class=\"elementor elementor-43839 elementor-43830\" data-elementor-post-type=\"post\">\n\t\t\t\t\t\t<section class=\"elementor-section elementor-top-section elementor-element elementor-element-2ed90711 elementor-section-height-min-height elementor-section-content-middle elementor-section-boxed elementor-section-height-default elementor-section-items-middle\" data-id=\"2ed90711\" data-element_type=\"section\" data-e-type=\"section\" data-settings=\"{&quot;background_background&quot;:&quot;slideshow&quot;,&quot;background_slideshow_gallery&quot;:[{&quot;id&quot;:43832,&quot;url&quot;:&quot;https:\\\/\\\/dahme-innovation.de\\\/wp-content\\\/uploads\\\/Verkehrskolloquium.jpg&quot;}],&quot;background_slideshow_loop&quot;:&quot;yes&quot;,&quot;background_slideshow_slide_duration&quot;:5000,&quot;background_slideshow_slide_transition&quot;:&quot;fade&quot;,&quot;background_slideshow_transition_duration&quot;:500}\">\n\t\t\t\t\t\t<div class=\"elementor-container elementor-column-gap-default\">\n\t\t\t\t\t<div class=\"elementor-column elementor-col-100 elementor-top-column elementor-element elementor-element-63d59a01\" data-id=\"63d59a01\" data-element_type=\"column\" data-e-type=\"column\">\n\t\t\t<div class=\"elementor-widget-wrap\">\n\t\t\t\t\t\t\t<\/div>\n\t\t<\/div>\n\t\t\t\t\t<\/div>\n\t\t<\/section>\n\t\t\t\t<section class=\"elementor-section elementor-top-section elementor-element elementor-element-20f5859 elementor-section-boxed elementor-section-height-default elementor-section-height-default\" data-id=\"20f5859\" data-element_type=\"section\" data-e-type=\"section\">\n\t\t\t\t\t\t<div class=\"elementor-container elementor-column-gap-wide\">\n\t\t\t\t\t<div class=\"elementor-column elementor-col-66 elementor-top-column elementor-element elementor-element-0dad736\" data-id=\"0dad736\" data-element_type=\"column\" data-e-type=\"column\">\n\t\t\t<div class=\"elementor-widget-wrap elementor-element-populated\">\n\t\t\t\t\t\t<div class=\"elementor-element elementor-element-eb74090 elementor-widget elementor-widget-heading\" data-id=\"eb74090\" data-element_type=\"widget\" data-e-type=\"widget\" data-widget_type=\"heading.default\">\n\t\t\t\t<div class=\"elementor-widget-container\">\n\t\t\t\t\t<h3 class=\"elementor-heading-title elementor-size-default\">Verkehrskolloquium mit dem Schwerpunkt Autonomes Fahren<\/h3>\t\t\t\t<\/div>\n\t\t\t\t<\/div>\n\t\t\t\t<div class=\"elementor-element elementor-element-d2011e7 elementor-widget elementor-widget-text-editor\" data-id=\"d2011e7\" data-element_type=\"widget\" data-e-type=\"widget\" data-widget_type=\"text-editor.default\">\n\t\t\t\t<div class=\"elementor-widget-container\">\n\t\t\t\t\t\t\t\t\t<p><strong>Am 2. Juni findet das n\u00e4chste Wildauer Verkehrswissenschaftliche Kolloquium statt. Bei der hybrid angebotenen Veranstaltung ist Matthias Lydike, Gesch\u00e4ftsf\u00fchrer der Verkehrsautomatisierung Berlin GmbH (VAB), zum Thema \u201eAutonomes Fahren \u2013 \u00dcbungsgel\u00e4nde \u00d6PNV-Betriebshof\u201c zu Gast. Die VAB verleiht im Rahmen der Veranstaltung ihren diesj\u00e4hrigen \u201eVAB Telematik- und Verkehrspreis\u201c f\u00fcr Studierende der Verkehrssystemtechnik.<\/strong><\/p><p>Am 2. Juni 2022 geht das Wildauer Verkehrswissenschaftliche Kolloquium mit dem Thema \u201eAutonomes Fahren \u2013 \u00dcbungsgel\u00e4nde \u00d6PNV-Betriebshof&#8221; in die n\u00e4chste Runde. Als Referent zum Themenschwerpunkt tr\u00e4gt der Gesch\u00e4ftsf\u00fchrer der Verkehrsautomatisierung Berlin GmbH (VAB), Matthias Lydike, vor.<\/p><p><strong>Was erwartet die interessierten G\u00e4ste? <\/strong><\/p><p>Matthias Lydike (VAB): \u201eDen Personennahverkehr gestalten \u2013 seit mehr als 30 Jahren besch\u00e4ftigen uns Themen im Streckennetz und auf den Betriebsh\u00f6fen von Verkehrsunternehmen. Ganz aktuell ist das Thema Autonomes Fahren. Der Betriebshof bietet ein ideales \u00dcbungsgel\u00e4nde. Dort lernen wir, wie wir mit Algorithmen L\u00fccken f\u00fcllen k\u00f6nnen, die der Mensch mit seinen Sinnen und seiner Reaktionsf\u00e4higkeit hinterl\u00e4sst, wenn wir ihn aus gewohnten Abl\u00e4ufen herausnehmen. Wir m\u00f6chten Ihnen zeigen, was uns besch\u00e4ftigt.\u201c<\/p><p>Im Anschluss an den Vortrag k\u00f6nnen die G\u00e4ste vor Ort und online ihre Fragen zum Thema und Vortrag stellen. Nach den Erfolgen der beiden letzten Veranstaltungen wird das Kolloquium wieder hybrid angeboten, also auf dem Campus der Technischen Hochschule Wildau (TH Wildau) und online via Webex.<\/p><p><strong>Preisverleihung<\/strong><\/p><p>Als weiteres kleines Highlight verleiht die VAB im Rahmen des Kolloquiums ihren diesj\u00e4hrigen \u201eVAB Telematik- und Verkehrspreis\u201c f\u00fcr Studierende der Verkehrssystemtechnik.<\/p><p><strong>Wann:<\/strong> 16:30 Uhr bis ca. 18:30 Uhr.<\/p><p><strong>Veranstaltungsort:<\/strong><\/p><p>Hybride Veranstaltung: Technische Hochschule Wildau, Haus 16, Seminarraum Halle 16-1044 <br \/>(<a href=\"https:\/\/postman.mynewsdesk.com\/ls\/click?upn=-2FUSZ51lGeOME2oy5JA3RPGrmjUxbihJAH4pcO7AKt961vzNSu2Uw1W5-2BaqX0KufbHgOETGTjfQjg0jT2AxH0-2FQ-3D-3DenOs_-2BmecGpDF52jY5frmpuDUFemGx0o9F4LwHNzDXcknSkbidoYZxOx9GC65Ru5o8Vn-2BYIpUU3Uq7Cw3J2qt88m-2BEo9pHDppbLatVT5IHGSBjY-2BU3ClvPM7Mq9NcdxrwcPGt3YH6cwn2e1bcpS-2Bg3LS0m-2F8c5v8JHjy-2F-2B6o-2F5LWSTMuQQ6a54biOXyDv5ZNWttFqDEy4rOS8AuufyFZrxe2-2BLYpvuanxxK0wRI6YDnB4rNPNycC8HEp7ItLGQIMDLDQBruCpTVZZH5ZkThND8wb09yLSC50RTy85VeTIU2fTHM1SFQdqJGRuCd5l19Vbq8Ay9FrQiukpbHjGag3STlzsLeHVMChN5Bx7szfYGk4JPCzrgUbBsQ0oYJIeUb3a3UpnaLxydmJ-2FIkpbjmEbbwc9NYunbqNQtlKTiwi9thN0K-2Bw-3D\">https:\/\/icampus.th-wildau.de\/map\/?building=16&amp;floor=0&amp;q=Seminarraum<\/a>)<\/p><p><a href=\"https:\/\/postman.mynewsdesk.com\/ls\/click?upn=-2FOc21LbEgbHTmnh7kqZDukM6sj2Sho8Gl0VaILn2dGrj6RgeYzZepXoXI5Bk-2FMp2BzIUDLGWRja-2FDxwL8NFw9574I-2FU2yCbv6hLNqyC-2F4xpmbOzuXh0T-2FFDeyUuRfjlAtoGI_-2BmecGpDF52jY5frmpuDUFemGx0o9F4LwHNzDXcknSkbidoYZxOx9GC65Ru5o8Vn-2BYIpUU3Uq7Cw3J2qt88m-2BEo9pHDppbLatVT5IHGSBjY-2BU3ClvPM7Mq9NcdxrwcPGt3YH6cwn2e1bcpS-2Bg3LS0m-2F8c5v8JHjy-2F-2B6o-2F5LWSTMuQQ6a54biOXyDv5ZNWttFqDEy4rOS8AuufyFZrxe2-2BLc1jHXUvcTMAn2IwqYVMszmRazQn5z0d2xtvOa50rxzcGBcCbNSau1S62d0327NqJjNQmPwQQ4Z4I-2FRGtmKhNYwQGuW6Xo0bFp7v-2Fxc0WQhHhERkEsspkaGKGq3i-2BWWyssjlWLqKuyQtpc-2B5hytepqO7uFvHGo2HMi2tJ1Y9BfVi-2FpEN4BfbN8IAyYWA2sISfeUC1OcyTIra7r7A-2FoVH6VE-3D\">Online-Teilnahme via WebEx<\/a> ist m\u00f6glich.<\/p>\t\t\t\t\t\t\t\t<\/div>\n\t\t\t\t<\/div>\n\t\t\t\t\t<\/div>\n\t\t<\/div>\n\t\t\t\t<div class=\"elementor-column elementor-col-33 elementor-top-column elementor-element elementor-element-7db5b36\" data-id=\"7db5b36\" data-element_type=\"column\" data-e-type=\"column\">\n\t\t\t<div class=\"elementor-widget-wrap elementor-element-populated\">\n\t\t\t\t\t\t<div class=\"elementor-element elementor-element-41e3bd1 elementor-widget elementor-widget-heading\" data-id=\"41e3bd1\" data-element_type=\"widget\" data-e-type=\"widget\" data-widget_type=\"heading.default\">\n\t\t\t\t<div class=\"elementor-widget-container\">\n\t\t\t\t\t<h5 class=\"elementor-heading-title elementor-size-default\">Ver\u00f6ffentlichungsdatum:<\/h5>\t\t\t\t<\/div>\n\t\t\t\t<\/div>\n\t\t\t\t<div class=\"elementor-element elementor-element-028bb72 elementor-widget elementor-widget-post-info\" data-id=\"028bb72\" data-element_type=\"widget\" data-e-type=\"widget\" data-widget_type=\"post-info.default\">\n\t\t\t\t<div class=\"elementor-widget-container\">\n\t\t\t\t\t\t\t<ul class=\"elementor-inline-items elementor-icon-list-items elementor-post-info\">\n\t\t\t\t\t\t\t\t<li class=\"elementor-icon-list-item elementor-repeater-item-cbc31cf elementor-inline-item\">\n\t\t\t\t\t\t\t\t\t\t\t\t\t<span class=\"elementor-icon-list-text elementor-post-info__item elementor-post-info__item--type-custom\">\n\t\t\t\t\t\t\t\t\t\t31. May 2022\t\t\t\t\t<\/span>\n\t\t\t\t\t\t\t\t<\/li>\n\t\t\t\t<\/ul>\n\t\t\t\t\t\t<\/div>\n\t\t\t\t<\/div>\n\t\t\t\t<div class=\"elementor-element elementor-element-964b395 elementor-widget elementor-widget-heading\" data-id=\"964b395\" data-element_type=\"widget\" data-e-type=\"widget\" data-widget_type=\"heading.default\">\n\t\t\t\t<div class=\"elementor-widget-container\">\n\t\t\t\t\t<h5 class=\"elementor-heading-title elementor-size-default\">Quelle:<\/h5>\t\t\t\t<\/div>\n\t\t\t\t<\/div>\n\t\t\t\t<div class=\"elementor-element elementor-element-de79a4e elementor-widget elementor-widget-text-editor\" data-id=\"de79a4e\" data-element_type=\"widget\" data-e-type=\"widget\" data-widget_type=\"text-editor.default\">\n\t\t\t\t<div class=\"elementor-widget-container\">\n\t\t\t\t\t\t\t\t\t<p>Technische Hochschule Wildau<\/p>\t\t\t\t\t\t\t\t<\/div>\n\t\t\t\t<\/div>\n\t\t\t\t<div class=\"elementor-element elementor-element-c279563 elementor-widget elementor-widget-heading\" data-id=\"c279563\" data-element_type=\"widget\" data-e-type=\"widget\" data-widget_type=\"heading.default\">\n\t\t\t\t<div class=\"elementor-widget-container\">\n\t\t\t\t\t<h5 class=\"elementor-heading-title elementor-size-default\">Bildquelle:<\/h5>\t\t\t\t<\/div>\n\t\t\t\t<\/div>\n\t\t\t\t<div class=\"elementor-element elementor-element-e24f65b elementor-widget elementor-widget-text-editor\" data-id=\"e24f65b\" data-element_type=\"widget\" data-e-type=\"widget\" data-widget_type=\"text-editor.default\">\n\t\t\t\t<div class=\"elementor-widget-container\">\n\t\t\t\t\t\t\t\t\t<p>Olivier Le Moal \/ AdobeStock_154170081 &#8211; stock.adobe.com<\/p>\t\t\t\t\t\t\t\t<\/div>\n\t\t\t\t<\/div>\n\t\t\t\t\t<\/div>\n\t\t<\/div>\n\t\t\t\t\t<\/div>\n\t\t<\/section>\n\t\t\t\t<\/div>\n\t\t","protected":false},"excerpt":{"rendered":"<p>Am 2. Juni 2022 geht das Wildauer Verkehrswissenschaftliche Kolloquium mit dem Thema \u201eAutonomes Fahren \u2013 \u00dcbungsgel\u00e4nde \u00d6PNV-Betriebshof&#8221; in die n\u00e4chste Runde.<\/p>\n","protected":false},"author":2,"featured_media":43833,"comment_status":"closed","ping_status":"closed","sticky":false,"template":"","format":"standard","meta":{"footnotes":""},"categories":[298,305,299],"tags":[],"hf_cat_post":[],"class_list":["post-43839","post","type-post","status-publish","format-standard","has-post-thumbnail","hentry","category-forschung-en","category-termine-en","category-th-wildau-en"],"_links":{"self":[{"href":"https:\/\/dahme-innovation.de\/en\/wp-json\/wp\/v2\/posts\/43839","targetHints":{"allow":["GET"]}}],"collection":[{"href":"https:\/\/dahme-innovation.de\/en\/wp-json\/wp\/v2\/posts"}],"about":[{"href":"https:\/\/dahme-innovation.de\/en\/wp-json\/wp\/v2\/types\/post"}],"author":[{"embeddable":true,"href":"https:\/\/dahme-innovation.de\/en\/wp-json\/wp\/v2\/users\/2"}],"replies":[{"embeddable":true,"href":"https:\/\/dahme-innovation.de\/en\/wp-json\/wp\/v2\/comments?post=43839"}],"version-history":[{"count":0,"href":"https:\/\/dahme-innovation.de\/en\/wp-json\/wp\/v2\/posts\/43839\/revisions"}],"wp:featuredmedia":[{"embeddable":true,"href":"https:\/\/dahme-innovation.de\/en\/wp-json\/wp\/v2\/media\/43833"}],"wp:attachment":[{"href":"https:\/\/dahme-innovation.de\/en\/wp-json\/wp\/v2\/media?parent=43839"}],"wp:term":[{"taxonomy":"category","embeddable":true,"href":"https:\/\/dahme-innovation.de\/en\/wp-json\/wp\/v2\/categories?post=43839"},{"taxonomy":"post_tag","embeddable":true,"href":"https:\/\/dahme-innovation.de\/en\/wp-json\/wp\/v2\/tags?post=43839"},{"taxonomy":"hf_cat_post","embeddable":true,"href":"https:\/\/dahme-innovation.de\/en\/wp-json\/wp\/v2\/hf_cat_post?post=43839"}],"curies":[{"name":"wp","href":"https:\/\/api.w.org\/{rel}","templated":true}]}}